{"id":9996,"date":"2026-01-12T11:27:55","date_gmt":"2026-01-12T10:27:55","guid":{"rendered":"https:\/\/www.crmcarecloud.com\/?p=9996"},"modified":"2026-01-12T11:27:56","modified_gmt":"2026-01-12T10:27:56","slug":"samoska-2026-misto-kde-ziskava-tradicni-retail-novy-impuls","status":"publish","type":"post","link":"https:\/\/www.crmcarecloud.com\/cz\/blog\/carecloud-news\/samoska-2026-misto-kde-ziskava-tradicni-retail-novy-impuls\/","title":{"rendered":"Samo\u0161ka 2026: M\u00edsto, kde z\u00edsk\u00e1v\u00e1 tradi\u010dn\u00ed retail nov\u00fd impuls"},"content":{"rendered":"<p class=\"blogperex\">Sv\u011bt retailu se rychle m\u011bn\u00ed a dr\u017eet krok je dnes kl\u00ed\u010dov\u00e9. Samo\u0161ka je veletrh, kter\u00fd nab\u00edz\u00ed inspiraci, inovace i sd\u00edlen\u00ed know-how. Na nejv\u011bt\u0161\u00edm eventu tradi\u010dn\u00edho retailu CareCloud nesm\u00ed chyb\u011bt. P\u0159ij\u010fte se na akci pod\u00edvat!<\/p>\n\n\n\n<figure class=\"wp-block-image size-large\"><img loading=\"lazy\" decoding=\"async\" width=\"1024\" height=\"682\" src=\"https:\/\/www.crmcarecloud.com\/wp-content\/uploads\/2026\/01\/SAMOsKA_2025_FOTO_0593-1024x682.jpg\" alt=\"\" class=\"wp-image-9997\" srcset=\"https:\/\/www.crmcarecloud.com\/wp-content\/uploads\/2026\/01\/SAMOsKA_2025_FOTO_0593-1024x682.jpg 1024w, https:\/\/www.crmcarecloud.com\/wp-content\/uploads\/2026\/01\/SAMOsKA_2025_FOTO_0593-300x200.jpg 300w, https:\/\/www.crmcarecloud.com\/wp-content\/uploads\/2026\/01\/SAMOsKA_2025_FOTO_0593-768x512.jpg 768w, https:\/\/www.crmcarecloud.com\/wp-content\/uploads\/2026\/01\/SAMOsKA_2025_FOTO_0593-1536x1024.jpg 1536w, https:\/\/www.crmcarecloud.com\/wp-content\/uploads\/2026\/01\/SAMOsKA_2025_FOTO_0593-18x12.jpg 18w, https:\/\/www.crmcarecloud.com\/wp-content\/uploads\/2026\/01\/SAMOsKA_2025_FOTO_0593.jpg 1700w\" sizes=\"auto, (max-width: 1024px) 100vw, 1024px\" \/><\/figure>\n\n\n\n<p class=\"nadpismaly spodniodsazeni\">KDY\u017d SE POTK\u00c1 \u010cESK\u00dd A SLOVENSK\u00dd RETAIL<\/p>\n\n\n\n<p class=\"blogodstavec\">Samo\u0161ka pat\u0159\u00ed mezi nejv\u00fdznamn\u011bj\u0161\u00ed setk\u00e1n\u00ed \u010desk\u00e9ho a slovensk\u00e9ho retailu. Ka\u017edoro\u010dn\u011b spojuje majitele obchod\u016f, v\u00fdrobce i technologick\u00e9 partnery. Kdo chce v\u011bd\u011bt, co h\u00fdbe tradi\u010dn\u00edm retailem, nesm\u00ed na akci chyb\u011bt. Letos se event kon\u00e1 <strong>27.-28. ledna 2026 <\/strong>at the<strong> v olomouck\u00e9m hotelu Clarion Congress<\/strong>.<\/p>\n\n\n\n<p class=\"blogodstavec\">Modern\u00ed prostor hotelu nab\u00eddne des\u00edtky st\u00e1nk\u016f, program pln\u00fd praktick\u00fdch use case a nespo\u010det mo\u017enost\u00ed k networkingu. Samo\u0161ka se to\u010d\u00ed kolem otev\u0159en\u00fdch diskuz\u00ed, inovac\u00ed a know-how p\u0159edn\u00edch zna\u010dek tradi\u010dn\u00edho retailu. <strong>Leto\u0161n\u00ed t\u00e9ma? Jak z\u016fstat ve h\u0159e<\/strong>.\u00a0<\/p>\n\n\n\n<p class=\"nadpismaly spodniodsazeni\">PROGRAM EVENTU<\/p>\n\n\n\n<p class=\"blogodstavec\">Tradi\u010dn\u00ed retail mus\u00ed reagovat na novou legislativu, modernizaci, digitalizaci i m\u011bn\u00edc\u00ed se n\u00e1vyky z\u00e1kazn\u00edk\u016f. Jedin\u011b tehdy m\u016f\u017ee z\u016fstat ziskov\u00fd. Program Samo\u0161ky je p\u0159\u00edmo uzp\u016fsoben aktu\u00e1ln\u00edm t\u00e9mat\u016fm.<\/p>\n\n\n\n<p class=\"blogodstavec\">Na p\u00f3diu se vyst\u0159\u00eddaj\u00ed zku\u0161en\u00ed experti z \u0159ad \u00fasp\u011b\u0161n\u00fdch zna\u010dek, kte\u0159\u00ed budou sd\u00edlet praktick\u00e9 p\u0159\u00edklady a best practices \u2013 \u017e\u00e1dn\u00e1 teorie. Nechyb\u00ed ani panelov\u00e9 diskuse \u010di neform\u00e1ln\u00ed networking.<\/p>\n\n\n\n<p class=\"blogodstavec\">Na Samo\u0161ce se utv\u00e1\u0159\u00ed budoucnost tradi\u010dn\u00edch prodejen.  Pr\u00e1v\u011b na t\u00e9to akci v\u00e1s \u010dek\u00e1 nejv\u00edce inspirace a nov\u00fdch spoluprac\u00ed. <\/p>\n\n\n\n<p class=\"nadpismaly spodniodsazeni\">CARECLOUD NESM\u00cd CHYB\u011aT<\/p>\n\n\n\n<p class=\"blogodstavec\">Platforma CareCloud je na retail p\u0159\u00edmo stav\u011bn\u00e1, a tak nesm\u00edme na eventu chyb\u011bt. \u00da\u010dastn\u00edci si mohou d\u00edky interaktivn\u00edmu kiosku vyzkou\u0161et, jak vypad\u00e1 marketing zalo\u017een\u00fd na datech.<\/p>\n\n\n\n<p class=\"blogodstavec\">Uk\u00e1\u017eeme, jak l\u00e9pe poznat sv\u00e9 z\u00e1kazn\u00edky, jak s nimi komunikovat osobn\u011b a efektivn\u011b a jak budovat jejich v\u011brnost. <strong>CDP dnes nejsou luxus, ale nezbytnost<\/strong>. Zastavte se za n\u00e1mi v expo z\u00f3n\u011b a prodiskutujeme, jak z dat ud\u011blat konkuren\u010dn\u00ed v\u00fdhodu. Samo\u0161ka je ide\u00e1ln\u00ed m\u00edsto za\u010d\u00edt.<\/p>\n\n\n\n<p class=\"blogodstavec\"><strong>Pro p\u0159ipomenut\u00ed<\/strong>: 27.-28. 1., Clarion Congress Hotel, Olomouc. Uvid\u00edme se tam!<\/p>","protected":false},"excerpt":{"rendered":"<p>If classic retail is your passion, Samo\u0161ka is the event for you. The ultimate conference for Czech and Slovakian traditional retail offers inspiration, innovation, and networking. CareCloud attends the event as a partner. We&#8217;re looking forward to seeing you. WHEN TRADITIONAL RETAIL COMES TOGETHER Samo\u0161ka is one of the major gatherings of Czech and Slovak&hellip;<\/p>","protected":false},"author":9,"featured_media":9997,"comment_status":"closed","ping_status":"open","sticky":false,"template":"","format":"standard","meta":{"footnotes":"","_wp_rev_ctl_limit":""},"categories":[15],"tags":[26,17,22],"class_list":["post-9996","post","type-post","status-publish","format-standard","has-post-thumbnail","hentry","category-carecloud-news","tag-customer-data","tag-loyalty","tag-retail"],"_links":{"self":[{"href":"https:\/\/www.crmcarecloud.com\/cz\/wp-json\/wp\/v2\/posts\/9996","targetHints":{"allow":["GET"]}}],"collection":[{"href":"https:\/\/www.crmcarecloud.com\/cz\/wp-json\/wp\/v2\/posts"}],"about":[{"href":"https:\/\/www.crmcarecloud.com\/cz\/wp-json\/wp\/v2\/types\/post"}],"author":[{"embeddable":true,"href":"https:\/\/www.crmcarecloud.com\/cz\/wp-json\/wp\/v2\/users\/9"}],"replies":[{"embeddable":true,"href":"https:\/\/www.crmcarecloud.com\/cz\/wp-json\/wp\/v2\/comments?post=9996"}],"version-history":[{"count":2,"href":"https:\/\/www.crmcarecloud.com\/cz\/wp-json\/wp\/v2\/posts\/9996\/revisions"}],"predecessor-version":[{"id":9999,"href":"https:\/\/www.crmcarecloud.com\/cz\/wp-json\/wp\/v2\/posts\/9996\/revisions\/9999"}],"wp:featuredmedia":[{"embeddable":true,"href":"https:\/\/www.crmcarecloud.com\/cz\/wp-json\/wp\/v2\/media\/9997"}],"wp:attachment":[{"href":"https:\/\/www.crmcarecloud.com\/cz\/wp-json\/wp\/v2\/media?parent=9996"}],"wp:term":[{"taxonomy":"category","embeddable":true,"href":"https:\/\/www.crmcarecloud.com\/cz\/wp-json\/wp\/v2\/categories?post=9996"},{"taxonomy":"post_tag","embeddable":true,"href":"https:\/\/www.crmcarecloud.com\/cz\/wp-json\/wp\/v2\/tags?post=9996"}],"curies":[{"name":"wp","href":"https:\/\/api.w.org\/{rel}","templated":true}]}}