{"id":9664,"date":"2025-10-06T11:27:05","date_gmt":"2025-10-06T09:27:05","guid":{"rendered":"https:\/\/www.crmcarecloud.com\/?p=9664"},"modified":"2025-10-06T11:27:05","modified_gmt":"2025-10-06T09:27:05","slug":"carecloud-jako-hlavni-partner-retail-in-detail","status":"publish","type":"post","link":"https:\/\/www.crmcarecloud.com\/cz\/blog\/carecloud-news\/carecloud-jako-hlavni-partner-retail-in-detail\/","title":{"rendered":"CareCloud jako hlavn\u00ed partner Retail in Detail"},"content":{"rendered":"<p class=\"blogperex\">Pokud jste retailista, nenechte si uj\u00edt Retail in Detail 2025. Tento exkluzivn\u00ed event v\u00e1m 15. \u0159\u00edjna p\u0159edstav\u00ed p\u0159edn\u00ed \u010desk\u00e9 experty na retail. T\u011b\u0161te se na bohat\u00fd networking a cenn\u00e9 know-how. Jako hlavn\u00ed partne\u0159i budeme na akci vystavovat na nejv\u011bt\u0161\u00edm st\u00e1nku a n\u00e1\u0161 Head of Marketing &amp; Sales Vladim\u00edr St\u0159\u00edtesk\u00fd uvede praktickou p\u0159edn\u00e1\u0161ku, jak optimalizovat CX.\u00a0<\/p>\n\n\n\n<figure class=\"wp-block-image size-large\"><img loading=\"lazy\" decoding=\"async\" width=\"1024\" height=\"683\" src=\"https:\/\/www.crmcarecloud.com\/wp-content\/uploads\/2025\/10\/54109173471_ee8167590a_k-1024x683.jpg\" alt=\"V\u00edtejte na Blue Events. CDP &amp; CRM CareCloud na akci p\u016fsob\u00ed jako hlavn\u00ed partner.\" class=\"wp-image-9668\" srcset=\"https:\/\/www.crmcarecloud.com\/wp-content\/uploads\/2025\/10\/54109173471_ee8167590a_k-1024x683.jpg 1024w, https:\/\/www.crmcarecloud.com\/wp-content\/uploads\/2025\/10\/54109173471_ee8167590a_k-300x200.jpg 300w, https:\/\/www.crmcarecloud.com\/wp-content\/uploads\/2025\/10\/54109173471_ee8167590a_k-768x512.jpg 768w, https:\/\/www.crmcarecloud.com\/wp-content\/uploads\/2025\/10\/54109173471_ee8167590a_k-1536x1024.jpg 1536w, https:\/\/www.crmcarecloud.com\/wp-content\/uploads\/2025\/10\/54109173471_ee8167590a_k-18x12.jpg 18w, https:\/\/www.crmcarecloud.com\/wp-content\/uploads\/2025\/10\/54109173471_ee8167590a_k.jpg 2048w\" sizes=\"auto, (max-width: 1024px) 100vw, 1024px\" \/><\/figure>\n\n\n\n<p class=\"nadpismaly spodniodsazeni\">JAK TECHNOLOGIE OVLIV\u0147UJE Z\u00c1KAZNICKOU ZKU\u0160ENOST V RETAILU?<\/p>\n\n\n\n<p class=\"blogodstavec translation-block\">Dne\u0161n\u00ed retailist\u00e9 maj\u00ed mnoho v\u00fdzev. <strong>Ka\u017ed\u00e1 v\u00fdd\u011ble\u010dn\u00e1 retail zna\u010dka mus\u00ed dodat bezchybnou z\u00e1kaznickou zku\u0161enost (CX)<\/strong>, aby se udr\u017eela na vrcholu. Dok\u00e1\u017ee sou\u010dasn\u00e1 technologie spolu s AI n\u00e1stroji pomoci?<\/p>\n\n\n\n<p class=\"blogodstavec\">Tyto a dal\u0161\u00ed t\u00e9mata budou st\u0159edobodem <strong>Retail in Detail: CX + AI =<\/strong> , na kter\u00e9 vystoup\u00ed p\u0159edn\u00ed odborn\u00edci na CX a vy\u0161\u0161\u00ed manage\u0159i nejv\u011bt\u0161\u00edch \u010desk\u00fdch zna\u010dek, jako jsou Kofola, Alza nebo Martinus. Jako <strong>Jako<\/strong> <strong>CDP &amp; CRM CareCloud jsme jedn\u00edm z hlavn\u00edch partner\u016f t\u00e9to akce<\/strong>.<\/p>\n\n\n\n<p class=\"nadpismaly spodniodsazeni\">NA CO SE T\u011a\u0160IT?<\/p>\n\n\n\n<p class=\"blogodstavec\">N\u00e1v\u0161t\u011bvn\u00edky bude \u010dekat <strong>cel\u00fd<\/strong> <strong>den dynamick\u00fdch p\u0159edn\u00e1\u0161ek, skv\u011bl\u00e9ho networkingu s p\u0159edn\u00edmi retailisty a exkluzivn\u00edho cateringu<\/strong>. Mezi \u00fa\u010dastn\u00edky a vystavovateli se \u0159ad\u00ed mana\u017ee\u0159i CX, majitel\u00e9 a marketingov\u00ed experti: prost\u011b ti, kte\u0159\u00ed utv\u00e1\u0159ej\u00ed budoucnost retailu.<\/p>\n\n\n\n<p class=\"blogodstavec translation-block\">N\u00e1\u0161 <strong> Head of Marketing &amp; Sales Vladim\u00edr St\u0159\u00edtesk\u00fd<\/strong> v\u00e1m ve sv\u00e9 p\u0159edn\u00e1\u0161ce <strong> \u201eNeviditeln\u00e1 Customer Experience v reten\u010dn\u00edm marketingu\u201d <\/strong> uk\u00e1\u017ee cestu k optim\u00e1ln\u00ed CX. Jak lze \u00fasp\u011b\u0161n\u011b v\u00e9st z\u00e1kaznick\u00e9 cesty pomoc\u00ed personalizace, segmentace a AI n\u00e1stroj\u016f? To se dozv\u00edte ve Vladim\u00edrov\u011b p\u0159\u00edsp\u011bvku, kter\u00fd je sou\u010d\u00e1st\u00ed hlavn\u00edho programu.<\/p>\n\n\n\n<p class=\"blogodstavec\">CareCloud na akci vystavuje hned vedle hlavn\u00edho vchodu. Diskutujme u sklenky vychlazen\u00e9ho prosecca o CDP, omnichannelu a reten\u010dn\u00ed strategii. R\u00e1di v\u00e1m pom\u016f\u017eeme zv\u00fd\u0161it n\u00e1vratnost marketingu a sami si vyzkou\u0161\u00edte platformu CareCloud na na\u0161em interaktivn\u00edm kiosku.<\/p>\n\n\n\n<p class=\"nadpismaly spodniodsazeni\">CARECLOUD BYL STVO\u0158EN PRO RETAIL<\/p>\n\n\n\n<p class=\"blogodstavec\">P\u0159ij\u010fte na Retail in Detail a poznejte, jak vypad\u00e1 \u00fasp\u011b\u0161n\u00fd retail. Na jeden den se <strong>KC City v Praze<\/strong>stane m\u00edstem, kde vl\u00e1dne retail. Z\u00fa\u010dastn\u011bte se Retail in Detail 15. \u0159\u00edjna a objevte potenci\u00e1l sv\u00e9 zna\u010dky. P\u0159iv\u00edt\u00e1me v\u00e1s s otev\u0159enou n\u00e1ru\u010d\u00ed a spoustou merche k tomu. CareCloud postav\u00ed z\u00e1klad pro v\u00e1\u0161 lovebrand!<\/p>\n\n\n\n<span style=\"font-size: 17px; letter-spacing: 1px; line-height: 1.6em;\">Vstupenky si m\u016f\u017eete <a style=\"color: #727272;\" href=\"https:\/\/www.retailindetail.cz\/registrace\" target=\"_blank\" rel=\"noreferrer noopener\"><u>zakoupit na ofici\u00e1ln\u00edch str\u00e1nk\u00e1ch<\/u><\/a>. T\u011b\u0161\u00edme se na v\u00e1s 15. \u0159\u00edjna!<\/span>","protected":false},"excerpt":{"rendered":"<p>If you are a retailer, attend Retail in Detail 2025. On 15th October, the exclusive summit brings together top Czech retail experts to provide you with all the networking and know-how opportunities you need. As a main partner, we exhibit the largest stand and host an insightful lecture by our Head of Sales &amp; Marketing,&hellip;<\/p>","protected":false},"author":9,"featured_media":9668,"comment_status":"closed","ping_status":"open","sticky":false,"template":"","format":"standard","meta":{"footnotes":"","_wp_rev_ctl_limit":""},"categories":[15],"tags":[22],"class_list":["post-9664","post","type-post","status-publish","format-standard","has-post-thumbnail","hentry","category-carecloud-news","tag-retail"],"_links":{"self":[{"href":"https:\/\/www.crmcarecloud.com\/cz\/wp-json\/wp\/v2\/posts\/9664","targetHints":{"allow":["GET"]}}],"collection":[{"href":"https:\/\/www.crmcarecloud.com\/cz\/wp-json\/wp\/v2\/posts"}],"about":[{"href":"https:\/\/www.crmcarecloud.com\/cz\/wp-json\/wp\/v2\/types\/post"}],"author":[{"embeddable":true,"href":"https:\/\/www.crmcarecloud.com\/cz\/wp-json\/wp\/v2\/users\/9"}],"replies":[{"embeddable":true,"href":"https:\/\/www.crmcarecloud.com\/cz\/wp-json\/wp\/v2\/comments?post=9664"}],"version-history":[{"count":4,"href":"https:\/\/www.crmcarecloud.com\/cz\/wp-json\/wp\/v2\/posts\/9664\/revisions"}],"predecessor-version":[{"id":9669,"href":"https:\/\/www.crmcarecloud.com\/cz\/wp-json\/wp\/v2\/posts\/9664\/revisions\/9669"}],"wp:featuredmedia":[{"embeddable":true,"href":"https:\/\/www.crmcarecloud.com\/cz\/wp-json\/wp\/v2\/media\/9668"}],"wp:attachment":[{"href":"https:\/\/www.crmcarecloud.com\/cz\/wp-json\/wp\/v2\/media?parent=9664"}],"wp:term":[{"taxonomy":"category","embeddable":true,"href":"https:\/\/www.crmcarecloud.com\/cz\/wp-json\/wp\/v2\/categories?post=9664"},{"taxonomy":"post_tag","embeddable":true,"href":"https:\/\/www.crmcarecloud.com\/cz\/wp-json\/wp\/v2\/tags?post=9664"}],"curies":[{"name":"wp","href":"https:\/\/api.w.org\/{rel}","templated":true}]}}